{"id":138,"date":"2023-04-30T17:36:50","date_gmt":"2023-04-30T17:36:50","guid":{"rendered":"https:\/\/www.belgi\u00ebvooroekra\u00efne.be\/?p=138"},"modified":"2023-04-30T17:36:50","modified_gmt":"2023-04-30T17:36:50","slug":"nieuwe-manier-van-doneren","status":"publish","type":"post","link":"https:\/\/www.belgi\u00ebvooroekra\u00efne.be\/?p=138","title":{"rendered":"Nieuwe manier van doneren."},"content":{"rendered":"\n<p>Dankzij onze samenwerking met Nosisa is het nu nog makkelijker om een financi\u00eble donatie te doen. Dat kan via deze link: <\/p>\n\n\n\n<p><a href=\"https:\/\/donate.kbs-frb.be\/actions\/PRA-NOSISSA\" target=\"_blank\" rel=\"noreferrer noopener\">Donatie aan Belgi\u00eb voor Oekra\u00efne<\/a><\/p>\n\n\n\n<p>Hartelijk dank aan iedereen die ons al gesteund heeft en dat blijft doen! <\/p>\n","protected":false},"excerpt":{"rendered":"<p>Dankzij onze samenwerking met Nosisa is het nu nog makkelijker om een financi\u00eble donatie te doen. Dat kan via deze link: Donatie aan Belgi\u00eb voor Oekra\u00efne Hartelijk dank aan iedereen die ons al gesteund heeft en dat blijft doen!<\/p>\n","protected":false},"author":1,"featured_media":0,"comment_status":"open","ping_status":"open","sticky":false,"template":"","format":"standard","meta":{"site-sidebar-layout":"default","site-content-layout":"default","ast-main-header-display":"","ast-hfb-above-header-display":"","ast-hfb-below-header-display":"","ast-hfb-mobile-header-display":"","site-post-title":"","ast-breadcrumbs-content":"","ast-featured-img":"","footer-sml-layout":"","theme-transparent-header-meta":"","adv-header-id-meta":"","stick-header-meta":"","header-above-stick-meta":"","header-main-stick-meta":"","header-below-stick-meta":"","footnotes":""},"categories":[1],"tags":[],"class_list":["post-138","post","type-post","status-publish","format-standard","hentry","category-uncategorized"],"_links":{"self":[{"href":"https:\/\/www.belgi\u00ebvooroekra\u00efne.be\/index.php?rest_route=\/wp\/v2\/posts\/138","targetHints":{"allow":["GET"]}}],"collection":[{"href":"https:\/\/www.belgi\u00ebvooroekra\u00efne.be\/index.php?rest_route=\/wp\/v2\/posts"}],"about":[{"href":"https:\/\/www.belgi\u00ebvooroekra\u00efne.be\/index.php?rest_route=\/wp\/v2\/types\/post"}],"author":[{"embeddable":true,"href":"https:\/\/www.belgi\u00ebvooroekra\u00efne.be\/index.php?rest_route=\/wp\/v2\/users\/1"}],"replies":[{"embeddable":true,"href":"https:\/\/www.belgi\u00ebvooroekra\u00efne.be\/index.php?rest_route=%2Fwp%2Fv2%2Fcomments&post=138"}],"version-history":[{"count":1,"href":"https:\/\/www.belgi\u00ebvooroekra\u00efne.be\/index.php?rest_route=\/wp\/v2\/posts\/138\/revisions"}],"predecessor-version":[{"id":139,"href":"https:\/\/www.belgi\u00ebvooroekra\u00efne.be\/index.php?rest_route=\/wp\/v2\/posts\/138\/revisions\/139"}],"wp:attachment":[{"href":"https:\/\/www.belgi\u00ebvooroekra\u00efne.be\/index.php?rest_route=%2Fwp%2Fv2%2Fmedia&parent=138"}],"wp:term":[{"taxonomy":"category","embeddable":true,"href":"https:\/\/www.belgi\u00ebvooroekra\u00efne.be\/index.php?rest_route=%2Fwp%2Fv2%2Fcategories&post=138"},{"taxonomy":"post_tag","embeddable":true,"href":"https:\/\/www.belgi\u00ebvooroekra\u00efne.be\/index.php?rest_route=%2Fwp%2Fv2%2Ftags&post=138"}],"curies":[{"name":"wp","href":"https:\/\/api.w.org\/{rel}","templated":true}]}}