{"id":150,"date":"2023-11-15T11:02:18","date_gmt":"2023-11-15T11:02:18","guid":{"rendered":"https:\/\/www.belgi\u00ebvooroekra\u00efne.be\/?p=150"},"modified":"2023-11-15T11:03:04","modified_gmt":"2023-11-15T11:03:04","slug":"oekraine-vandaag-twee-journalisten-getuigen-18-12","status":"publish","type":"post","link":"https:\/\/www.belgi\u00ebvooroekra\u00efne.be\/?p=150","title":{"rendered":"Oekra\u00efne vandaag &#8211; Twee journalisten getuigen (18\/12) &#8211; Bestel nu je tickets"},"content":{"rendered":"\n<figure class=\"wp-block-image aligncenter size-full\"><img loading=\"lazy\" decoding=\"async\" width=\"815\" height=\"267\" src=\"https:\/\/www.belgi\u00ebvooroekra\u00efne.be\/wp-content\/uploads\/2023\/11\/image-1.png\" alt=\"\" class=\"wp-image-152\" srcset=\"https:\/\/www.belgi\u00ebvooroekra\u00efne.be\/wp-content\/uploads\/2023\/11\/image-1.png 815w, https:\/\/www.belgi\u00ebvooroekra\u00efne.be\/wp-content\/uploads\/2023\/11\/image-1-300x98.png 300w, https:\/\/www.belgi\u00ebvooroekra\u00efne.be\/wp-content\/uploads\/2023\/11\/image-1-768x252.png 768w\" sizes=\"auto, (max-width: 815px) 100vw, 815px\" \/><\/figure>\n\n\n\n<p>Bruno Beeckman en Arnaud de Decker komen getuigen van hun regelmatige reizen in Oekra\u00efne. Getuigenissen vanuit de frontlijn, maar ook vanuit de bevolking in alle gebieden van Oekra\u00efne. Ook zullen zij hun visie delen over het verdere verloop van het conflict in die regio. Hun verschillen in aanpak en ervaring zullen leiden tot een interessant panelgesprek na de presentaties van beide journalisten.<\/p>\n\n\n\n<p>De inkomsten van de avond worden volledig besteed aan de aankoop van medicinale en humanitaire goederen van de families en soldaten die gesteund worden door Nadia en Tim van Belg\u00efe voor Oekra\u00efne. De organisatiekosten van de avond en het transport van de goederen naar Oekra\u00efne worden gefinancierd door externe sponsors.<\/p>\n\n\n\n<p>Locatie: Theater Vooruit, Sint-Bavoplein 17, 2530 Boechout<br>Datum: 18\/12 om 19u30<\/p>\n\n\n\n<p>Toegangstickets (16euro) of Steuntickets (11euro) kunnen aangekocht worden via de volgende link of QR-code Aantal plaatsen zijn beperkt. Op voorhand reserveren is aangeraden.<\/p>\n\n\n\n<p><a href=\"https:\/\/www.nowonlinetickets.nl\/Shop\/EventDetails\/4A1B0E8A8C3C6B658CC8F504AE2BAEAE\"><strong>Tickets kan je hier bestellen<\/strong><\/a><\/p>\n\n\n\n<figure class=\"wp-block-image aligncenter size-full is-resized\"><img loading=\"lazy\" decoding=\"async\" width=\"659\" height=\"659\" src=\"https:\/\/www.belgi\u00ebvooroekra\u00efne.be\/wp-content\/uploads\/2023\/11\/image.png\" alt=\"\" class=\"wp-image-151\" style=\"width:252px;height:auto\" srcset=\"https:\/\/www.belgi\u00ebvooroekra\u00efne.be\/wp-content\/uploads\/2023\/11\/image.png 659w, https:\/\/www.belgi\u00ebvooroekra\u00efne.be\/wp-content\/uploads\/2023\/11\/image-300x300.png 300w, https:\/\/www.belgi\u00ebvooroekra\u00efne.be\/wp-content\/uploads\/2023\/11\/image-150x150.png 150w\" sizes=\"auto, (max-width: 659px) 100vw, 659px\" \/><\/figure>\n\n\n\n<p>Beide journalisten kunnen gevolgd worden op Instagram: <a href=\"https:\/\/www.instagram.com\/brunobeeckman\/\">brunobeeckman<\/a> en <a href=\"https:\/\/www.instagram.com\/arnaud.dedecker\/\">arnaud.dedecker<\/a><\/p>\n\n\n\n<p><\/p>\n","protected":false},"excerpt":{"rendered":"<p>Bruno Beeckman en Arnaud de Decker komen getuigen van hun regelmatige reizen in Oekra\u00efne. Getuigenissen vanuit de frontlijn, maar ook vanuit de bevolking in alle gebieden van Oekra\u00efne. Ook zullen zij hun visie delen over het verdere verloop van het conflict in die regio. Hun verschillen in aanpak en ervaring zullen leiden tot een interessant &hellip;<\/p>\n<p class=\"read-more\"> <a class=\"\" href=\"https:\/\/www.belgi\u00ebvooroekra\u00efne.be\/?p=150\"> <span class=\"screen-reader-text\">Oekra\u00efne vandaag &#8211; Twee journalisten getuigen (18\/12) &#8211; Bestel nu je tickets<\/span> Read More &raquo;<\/a><\/p>\n","protected":false},"author":1,"featured_media":0,"comment_status":"open","ping_status":"open","sticky":false,"template":"","format":"standard","meta":{"site-sidebar-layout":"default","site-content-layout":"default","ast-main-header-display":"","ast-hfb-above-header-display":"","ast-hfb-below-header-display":"","ast-hfb-mobile-header-display":"","site-post-title":"","ast-breadcrumbs-content":"","ast-featured-img":"","footer-sml-layout":"","theme-transparent-header-meta":"","adv-header-id-meta":"","stick-header-meta":"","header-above-stick-meta":"","header-main-stick-meta":"","header-below-stick-meta":"","footnotes":""},"categories":[1],"tags":[],"class_list":["post-150","post","type-post","status-publish","format-standard","hentry","category-uncategorized"],"_links":{"self":[{"href":"https:\/\/www.belgi\u00ebvooroekra\u00efne.be\/index.php?rest_route=\/wp\/v2\/posts\/150","targetHints":{"allow":["GET"]}}],"collection":[{"href":"https:\/\/www.belgi\u00ebvooroekra\u00efne.be\/index.php?rest_route=\/wp\/v2\/posts"}],"about":[{"href":"https:\/\/www.belgi\u00ebvooroekra\u00efne.be\/index.php?rest_route=\/wp\/v2\/types\/post"}],"author":[{"embeddable":true,"href":"https:\/\/www.belgi\u00ebvooroekra\u00efne.be\/index.php?rest_route=\/wp\/v2\/users\/1"}],"replies":[{"embeddable":true,"href":"https:\/\/www.belgi\u00ebvooroekra\u00efne.be\/index.php?rest_route=%2Fwp%2Fv2%2Fcomments&post=150"}],"version-history":[{"count":2,"href":"https:\/\/www.belgi\u00ebvooroekra\u00efne.be\/index.php?rest_route=\/wp\/v2\/posts\/150\/revisions"}],"predecessor-version":[{"id":154,"href":"https:\/\/www.belgi\u00ebvooroekra\u00efne.be\/index.php?rest_route=\/wp\/v2\/posts\/150\/revisions\/154"}],"wp:attachment":[{"href":"https:\/\/www.belgi\u00ebvooroekra\u00efne.be\/index.php?rest_route=%2Fwp%2Fv2%2Fmedia&parent=150"}],"wp:term":[{"taxonomy":"category","embeddable":true,"href":"https:\/\/www.belgi\u00ebvooroekra\u00efne.be\/index.php?rest_route=%2Fwp%2Fv2%2Fcategories&post=150"},{"taxonomy":"post_tag","embeddable":true,"href":"https:\/\/www.belgi\u00ebvooroekra\u00efne.be\/index.php?rest_route=%2Fwp%2Fv2%2Ftags&post=150"}],"curies":[{"name":"wp","href":"https:\/\/api.w.org\/{rel}","templated":true}]}}