{"id":156,"date":"2023-12-30T10:34:18","date_gmt":"2023-12-30T10:34:18","guid":{"rendered":"https:\/\/www.belgi\u00ebvooroekra\u00efne.be\/?p=156"},"modified":"2023-12-30T10:35:28","modified_gmt":"2023-12-30T10:35:28","slug":"door-groot-succes-de-tweede-editie-van-de-tweede-editie-van-oekraine-vandaag-twee-journalisten-getuigen","status":"publish","type":"post","link":"https:\/\/www.belgi\u00ebvooroekra\u00efne.be\/?p=156","title":{"rendered":"Door groot succes, de tweede editie van &#8220;Oekra\u00efne vandaag &#8211; Twee journalisten getuigen&#8221;"},"content":{"rendered":"\n<p class=\"has-text-align-center\"><strong>De vorige lezing (18\/12) was zo snel uitverkocht dat meteen besloten werd een tweede editie uit te geven<\/strong>!<\/p>\n\n\n\n<p>Bruno Beeckman en Arnaud de Decker komen getuigen van hun regelmatige reizen in Oekra\u00efne. Getuigenissen vanuit de frontlijn, maar ook vanuit de bevolking in alle gebieden van Oekra\u00efne. Ook zullen zij hun visie delen over het verdere verloop van het conflict in die regio. Hun verschillen in aanpak en ervaring zullen leiden tot een interessant panelgesprek na de presentaties van beide journalisten.<\/p>\n\n\n\n<p>De inkomsten van de avond worden volledig besteed aan de aankoop van medicinale en humanitaire goederen van de families en soldaten die gesteund worden door Nadia en Tim van Belgi\u00eb voor Oekra\u00efne. De organisatiekosten van de avond en het transport van de goederen naar Oekra\u00efne worden gefinancierd door externe sponsors.<\/p>\n\n\n\n<p>Locatie: Theater Vooruit, Sint-Bavoplein 17, 2530 Boechout<br>Datum: 29\/01 om 20u<\/p>\n\n\n\n<p>Toegangstickets (16euro) of Steuntickets (11euro) kunnen aangekocht worden via de volgende link of QR-code Aantal plaatsen zijn beperkt. Op voorhand reserveren is aangeraden.<\/p>\n\n\n\n<p><a href=\"https:\/\/www.nowonlinetickets.nl\/Shop\/EventDetails\/14098ECFEFA0269B5978D07A8E73D247\"><strong>Tickets kan je hier bestellen<\/strong><\/a><\/p>\n\n\n\n<figure class=\"wp-block-image aligncenter size-full\"><img loading=\"lazy\" decoding=\"async\" width=\"177\" height=\"183\" src=\"https:\/\/www.belgi\u00ebvooroekra\u00efne.be\/wp-content\/uploads\/2023\/12\/image.png\" alt=\"\" class=\"wp-image-157\"\/><\/figure>\n\n\n\n<p>Beide journalisten kunnen gevolgd worden op Instagram: <a href=\"https:\/\/www.instagram.com\/brunobeeckman\/\">brunobeeckman<\/a> en <a href=\"https:\/\/www.instagram.com\/arnaud.dedecker\/\">arnaud.dedecker<\/a><\/p>\n\n\n\n<p><\/p>\n","protected":false},"excerpt":{"rendered":"<p>De vorige lezing (18\/12) was zo snel uitverkocht dat meteen besloten werd een tweede editie uit te geven! Bruno Beeckman en Arnaud de Decker komen getuigen van hun regelmatige reizen in Oekra\u00efne. Getuigenissen vanuit de frontlijn, maar ook vanuit de bevolking in alle gebieden van Oekra\u00efne. Ook zullen zij hun visie delen over het verdere &hellip;<\/p>\n<p class=\"read-more\"> <a class=\"\" href=\"https:\/\/www.belgi\u00ebvooroekra\u00efne.be\/?p=156\"> <span class=\"screen-reader-text\">Door groot succes, de tweede editie van &#8220;Oekra\u00efne vandaag &#8211; Twee journalisten getuigen&#8221;<\/span> Read More &raquo;<\/a><\/p>\n","protected":false},"author":1,"featured_media":152,"comment_status":"open","ping_status":"open","sticky":false,"template":"","format":"standard","meta":{"site-sidebar-layout":"default","site-content-layout":"default","ast-main-header-display":"","ast-hfb-above-header-display":"","ast-hfb-below-header-display":"","ast-hfb-mobile-header-display":"","site-post-title":"","ast-breadcrumbs-content":"","ast-featured-img":"","footer-sml-layout":"","theme-transparent-header-meta":"","adv-header-id-meta":"","stick-header-meta":"","header-above-stick-meta":"","header-main-stick-meta":"","header-below-stick-meta":"","footnotes":""},"categories":[1],"tags":[],"class_list":["post-156","post","type-post","status-publish","format-standard","has-post-thumbnail","hentry","category-uncategorized"],"_links":{"self":[{"href":"https:\/\/www.belgi\u00ebvooroekra\u00efne.be\/index.php?rest_route=\/wp\/v2\/posts\/156","targetHints":{"allow":["GET"]}}],"collection":[{"href":"https:\/\/www.belgi\u00ebvooroekra\u00efne.be\/index.php?rest_route=\/wp\/v2\/posts"}],"about":[{"href":"https:\/\/www.belgi\u00ebvooroekra\u00efne.be\/index.php?rest_route=\/wp\/v2\/types\/post"}],"author":[{"embeddable":true,"href":"https:\/\/www.belgi\u00ebvooroekra\u00efne.be\/index.php?rest_route=\/wp\/v2\/users\/1"}],"replies":[{"embeddable":true,"href":"https:\/\/www.belgi\u00ebvooroekra\u00efne.be\/index.php?rest_route=%2Fwp%2Fv2%2Fcomments&post=156"}],"version-history":[{"count":2,"href":"https:\/\/www.belgi\u00ebvooroekra\u00efne.be\/index.php?rest_route=\/wp\/v2\/posts\/156\/revisions"}],"predecessor-version":[{"id":159,"href":"https:\/\/www.belgi\u00ebvooroekra\u00efne.be\/index.php?rest_route=\/wp\/v2\/posts\/156\/revisions\/159"}],"wp:featuredmedia":[{"embeddable":true,"href":"https:\/\/www.belgi\u00ebvooroekra\u00efne.be\/index.php?rest_route=\/wp\/v2\/media\/152"}],"wp:attachment":[{"href":"https:\/\/www.belgi\u00ebvooroekra\u00efne.be\/index.php?rest_route=%2Fwp%2Fv2%2Fmedia&parent=156"}],"wp:term":[{"taxonomy":"category","embeddable":true,"href":"https:\/\/www.belgi\u00ebvooroekra\u00efne.be\/index.php?rest_route=%2Fwp%2Fv2%2Fcategories&post=156"},{"taxonomy":"post_tag","embeddable":true,"href":"https:\/\/www.belgi\u00ebvooroekra\u00efne.be\/index.php?rest_route=%2Fwp%2Fv2%2Ftags&post=156"}],"curies":[{"name":"wp","href":"https:\/\/api.w.org\/{rel}","templated":true}]}}