{"id":161,"date":"2024-02-16T14:59:00","date_gmt":"2024-02-16T14:59:00","guid":{"rendered":"https:\/\/www.belgi\u00ebvooroekra\u00efne.be\/?p=161"},"modified":"2024-02-16T15:14:34","modified_gmt":"2024-02-16T15:14:34","slug":"leven-aan-de-frontlijn-in-oekraine-getuigenissen-van-2-journalisten-bruno-beeckman-en-arnaud-de-decker","status":"publish","type":"post","link":"https:\/\/www.belgi\u00ebvooroekra\u00efne.be\/?p=161","title":{"rendered":"Leven aan de frontlijn in Oekra\u00efne &#8211; getuigenissen van 2 journalisten: Bruno Beeckman en Arnaud De Decker"},"content":{"rendered":"\n<p class=\"has-text-align-center\"><strong>Ook de tweede lezing was uitverkocht, dus is het tijd voor de derde editie! Deze keer in Edegem<\/strong>.<br><strong>28 februari om 20u (Deuren 19:30u)<\/strong><\/p>\n\n\n\n<p><strong><span style=\"text-decoration: underline;\">Locatie: Zaal Basiliek &#8211; Trooststraat 22, 2650 Edegem<\/span><\/strong><\/p>\n\n\n\n<p>Bruno Beeckman en Arnaud De Decker hebben in 2023 veel tijd doorgebracht aan de frontlijn in Oekra\u00efne. Hun getuigenis geeft een objectieve en menselijke kijk op de realiteit van de frontlijn; het dagdagelijks leven aan het front van de burgers die niet kunnen of willen vluchten, de journalisten die in moeilijke omstandigheden moeten werken en uiteraard ook de soldaten die met overtuiging hun land verdedigen. Aan de ene kant de realiteit van een tragische oorlog, maar aan de andere kant lichtpunten van menselijkheid, solidariteit en ook hoop. De geo-politieke realiteit van Rusland komt ook ruim aan bod.<\/p>\n\n\n\n<p>De inkomsten van de avond worden besteed aan de aankoop van medicinale en humanitaire goederen van de families en soldaten die gesteund worden door Oekra\u00efne Caf\u00e9 Edegem, Belg\u00efevoorOekra\u00efne Boechout en aan lokale sociale en culturele projecten van de journalisten. De organisatiekosten van de avond en het transport van de goederen naar Oekra\u00efne worden gefinancierd door externe sponsors.<\/p>\n\n\n\n<p>Toegangstickets (16 euro) of Steuntickets (11 euro) kunnen aangekocht worden via de volgende link of QR-code. Op voorhand inschrijven is aanbevolen.<\/p>\n\n\n\n<p><a href=\"https:\/\/www.nowonlinetickets.nl\/Shop\/EventDetails\/ABA22CE5CC142AA44594FAD088AC4C56\"><strong>Tickets kan je hier bestellen<\/strong><\/a><\/p>\n\n\n\n<figure class=\"wp-block-image aligncenter size-full\"><img loading=\"lazy\" decoding=\"async\" width=\"140\" height=\"142\" src=\"https:\/\/www.belgi\u00ebvooroekra\u00efne.be\/wp-content\/uploads\/2024\/02\/QR.png\" alt=\"\" class=\"wp-image-162\"\/><\/figure>\n\n\n\n<p>Beide journalisten kunnen gevolgd worden op Instagram: <a href=\"https:\/\/www.instagram.com\/brunobeeckman\/\">brunobeeckman<\/a> en <a href=\"https:\/\/www.instagram.com\/arnaud.dedecker\/\">arnaud.dedecker<\/a><\/p>\n\n\n\n<p><strong>Voor verdere inlichtingen:<\/strong><br>Hazeschransstraat 40, 2650 Edegem vzwnosissa@hotmail.com. Wilfried Van Bouwel 0497053720 en Etienne Wauters 0475443907<\/p>\n","protected":false},"excerpt":{"rendered":"<p>Ook de tweede lezing was uitverkocht, dus is het tijd voor de derde editie! Deze keer in Edegem.28 februari om 20u (Deuren 19:30u) Locatie: Zaal Basiliek &#8211; Trooststraat 22, 2650 Edegem Bruno Beeckman en Arnaud De Decker hebben in 2023 veel tijd doorgebracht aan de frontlijn in Oekra\u00efne. Hun getuigenis geeft een objectieve en menselijke &hellip;<\/p>\n<p class=\"read-more\"> <a class=\"\" href=\"https:\/\/www.belgi\u00ebvooroekra\u00efne.be\/?p=161\"> <span class=\"screen-reader-text\">Leven aan de frontlijn in Oekra\u00efne &#8211; getuigenissen van 2 journalisten: Bruno Beeckman en Arnaud De Decker<\/span> Read More &raquo;<\/a><\/p>\n","protected":false},"author":1,"featured_media":152,"comment_status":"open","ping_status":"open","sticky":false,"template":"","format":"standard","meta":{"site-sidebar-layout":"default","site-content-layout":"default","ast-main-header-display":"","ast-hfb-above-header-display":"","ast-hfb-below-header-display":"","ast-hfb-mobile-header-display":"","site-post-title":"","ast-breadcrumbs-content":"","ast-featured-img":"","footer-sml-layout":"","theme-transparent-header-meta":"","adv-header-id-meta":"","stick-header-meta":"","header-above-stick-meta":"","header-main-stick-meta":"","header-below-stick-meta":"","footnotes":""},"categories":[1],"tags":[],"class_list":["post-161","post","type-post","status-publish","format-standard","has-post-thumbnail","hentry","category-uncategorized"],"_links":{"self":[{"href":"https:\/\/www.belgi\u00ebvooroekra\u00efne.be\/index.php?rest_route=\/wp\/v2\/posts\/161","targetHints":{"allow":["GET"]}}],"collection":[{"href":"https:\/\/www.belgi\u00ebvooroekra\u00efne.be\/index.php?rest_route=\/wp\/v2\/posts"}],"about":[{"href":"https:\/\/www.belgi\u00ebvooroekra\u00efne.be\/index.php?rest_route=\/wp\/v2\/types\/post"}],"author":[{"embeddable":true,"href":"https:\/\/www.belgi\u00ebvooroekra\u00efne.be\/index.php?rest_route=\/wp\/v2\/users\/1"}],"replies":[{"embeddable":true,"href":"https:\/\/www.belgi\u00ebvooroekra\u00efne.be\/index.php?rest_route=%2Fwp%2Fv2%2Fcomments&post=161"}],"version-history":[{"count":3,"href":"https:\/\/www.belgi\u00ebvooroekra\u00efne.be\/index.php?rest_route=\/wp\/v2\/posts\/161\/revisions"}],"predecessor-version":[{"id":165,"href":"https:\/\/www.belgi\u00ebvooroekra\u00efne.be\/index.php?rest_route=\/wp\/v2\/posts\/161\/revisions\/165"}],"wp:featuredmedia":[{"embeddable":true,"href":"https:\/\/www.belgi\u00ebvooroekra\u00efne.be\/index.php?rest_route=\/wp\/v2\/media\/152"}],"wp:attachment":[{"href":"https:\/\/www.belgi\u00ebvooroekra\u00efne.be\/index.php?rest_route=%2Fwp%2Fv2%2Fmedia&parent=161"}],"wp:term":[{"taxonomy":"category","embeddable":true,"href":"https:\/\/www.belgi\u00ebvooroekra\u00efne.be\/index.php?rest_route=%2Fwp%2Fv2%2Fcategories&post=161"},{"taxonomy":"post_tag","embeddable":true,"href":"https:\/\/www.belgi\u00ebvooroekra\u00efne.be\/index.php?rest_route=%2Fwp%2Fv2%2Ftags&post=161"}],"curies":[{"name":"wp","href":"https:\/\/api.w.org\/{rel}","templated":true}]}}