{"id":177,"date":"2025-10-15T18:02:13","date_gmt":"2025-10-15T18:02:13","guid":{"rendered":"https:\/\/www.belgi\u00ebvooroekra\u00efne.be\/?p=177"},"modified":"2025-10-15T18:03:42","modified_gmt":"2025-10-15T18:03:42","slug":"%f0%9f%8c%bf%f0%9f%92%9b-quiz-voor-oekraine-%f0%9f%92%9b%f0%9f%8c%bf","status":"publish","type":"post","link":"https:\/\/www.belgi\u00ebvooroekra\u00efne.be\/?p=177","title":{"rendered":"\ud83c\udf3f\ud83d\udc9b Quiz voor Oekra\u00efne \ud83d\udc9b\ud83c\udf3f"},"content":{"rendered":"\n<p>\ud83c\uddfa\ud83c\udde6 Quizzen voor Oekraine \ud83c\uddfa\ud83c\udde6<br>Zin in een avond vol spanning, plezier en gezonde competitie \u2014 \u00e9n tegelijk iets goeds doen? Kom dan naar onze quiz ten voordele van <strong>\u201cBelgi\u00eb voor Oekra\u00efne\u201d<\/strong><br>\ud83d\udc99 De opbrengst gaat integraal naar humanitaire en medische hulpgoederen voor burgers en militairen in Oekra\u00efne.<br>\ud83d\udcc5 <strong>Datum: <\/strong>zaterdag 13 december<br>\ud83d\udccd <strong>Locatie:<\/strong> Sportpark Sneppenbos (Vremdesesteenweg 224, 2530 Boechout)<br>\ud83d\udd56 <strong>Aanvang:<\/strong> 20u<br>\ud83d\udcb6 <strong>Inschrijvingsprijs:<\/strong> \u20ac 30 per team (4 \u00e0 6 personen)<\/p>\n\n\n\n<p>\ud83c\udf9f\ufe0f <strong>Inschrijven <\/strong>kan via een mail naar: belgievooroekraine@gmail.com<br>Stap 1: Stuur jouw ploegnaam en de naam van jullie kapitein<br>Stap 2: Stort \u20ac 30 op BE29 7785 9672 5564 met de vermelding van jouw ploegnaam<\/p>\n\n\n\n<p>Zo ben je meteen ingeschreven!<\/p>\n\n\n\n<p>\ud83d\udcac Waarom meedoen?<br>\u2705 Een gezellige kwisavond gericht op een breed publiek<br>\u2705 Een leuke prijzentafel<br>\u2705 En bovenal: je steunt rechtstreeks mensen in nood<br>\ud83d\udc49 Tag je quizteam, bedenk een leuke naam, en schrijf je snel in \u2014 plaatsen zijn beperkt!<\/p>\n\n\n\n<p>Samen maken we er een topavond van! <\/p>\n\n\n\n<h1 class=\"wp-block-heading has-medium-font-size\">#QuizvoorOekra\u00efne #Belgi\u00ebVoorOekra\u00efne #Quizavond #GoedeDoelenQuiz #SteunOekra\u00efne #SamenSterk #QuizNight<\/h1>\n\n\n\n<p><\/p>\n","protected":false},"excerpt":{"rendered":"<p>\ud83c\uddfa\ud83c\udde6 Quizzen voor Oekraine \ud83c\uddfa\ud83c\udde6Zin in een avond vol spanning, plezier en gezonde competitie \u2014 \u00e9n tegelijk iets goeds doen? Kom dan naar onze quiz ten voordele van \u201cBelgi\u00eb voor Oekra\u00efne\u201d\ud83d\udc99 De opbrengst gaat integraal naar humanitaire en medische hulpgoederen voor burgers en militairen in Oekra\u00efne.\ud83d\udcc5 Datum: zaterdag 13 december\ud83d\udccd Locatie: Sportpark Sneppenbos (Vremdesesteenweg 224, &hellip;<\/p>\n<p class=\"read-more\"> <a class=\"\" href=\"https:\/\/www.belgi\u00ebvooroekra\u00efne.be\/?p=177\"> <span class=\"screen-reader-text\">\ud83c\udf3f\ud83d\udc9b Quiz voor Oekra\u00efne \ud83d\udc9b\ud83c\udf3f<\/span> Read More &raquo;<\/a><\/p>\n","protected":false},"author":1,"featured_media":179,"comment_status":"open","ping_status":"open","sticky":false,"template":"","format":"standard","meta":{"site-sidebar-layout":"default","site-content-layout":"default","ast-main-header-display":"","ast-hfb-above-header-display":"","ast-hfb-below-header-display":"","ast-hfb-mobile-header-display":"","site-post-title":"","ast-breadcrumbs-content":"","ast-featured-img":"","footer-sml-layout":"","theme-transparent-header-meta":"","adv-header-id-meta":"","stick-header-meta":"","header-above-stick-meta":"","header-main-stick-meta":"","header-below-stick-meta":"","footnotes":""},"categories":[1],"tags":[],"class_list":["post-177","post","type-post","status-publish","format-standard","has-post-thumbnail","hentry","category-uncategorized"],"_links":{"self":[{"href":"https:\/\/www.belgi\u00ebvooroekra\u00efne.be\/index.php?rest_route=\/wp\/v2\/posts\/177","targetHints":{"allow":["GET"]}}],"collection":[{"href":"https:\/\/www.belgi\u00ebvooroekra\u00efne.be\/index.php?rest_route=\/wp\/v2\/posts"}],"about":[{"href":"https:\/\/www.belgi\u00ebvooroekra\u00efne.be\/index.php?rest_route=\/wp\/v2\/types\/post"}],"author":[{"embeddable":true,"href":"https:\/\/www.belgi\u00ebvooroekra\u00efne.be\/index.php?rest_route=\/wp\/v2\/users\/1"}],"replies":[{"embeddable":true,"href":"https:\/\/www.belgi\u00ebvooroekra\u00efne.be\/index.php?rest_route=%2Fwp%2Fv2%2Fcomments&post=177"}],"version-history":[{"count":1,"href":"https:\/\/www.belgi\u00ebvooroekra\u00efne.be\/index.php?rest_route=\/wp\/v2\/posts\/177\/revisions"}],"predecessor-version":[{"id":178,"href":"https:\/\/www.belgi\u00ebvooroekra\u00efne.be\/index.php?rest_route=\/wp\/v2\/posts\/177\/revisions\/178"}],"wp:featuredmedia":[{"embeddable":true,"href":"https:\/\/www.belgi\u00ebvooroekra\u00efne.be\/index.php?rest_route=\/wp\/v2\/media\/179"}],"wp:attachment":[{"href":"https:\/\/www.belgi\u00ebvooroekra\u00efne.be\/index.php?rest_route=%2Fwp%2Fv2%2Fmedia&parent=177"}],"wp:term":[{"taxonomy":"category","embeddable":true,"href":"https:\/\/www.belgi\u00ebvooroekra\u00efne.be\/index.php?rest_route=%2Fwp%2Fv2%2Fcategories&post=177"},{"taxonomy":"post_tag","embeddable":true,"href":"https:\/\/www.belgi\u00ebvooroekra\u00efne.be\/index.php?rest_route=%2Fwp%2Fv2%2Ftags&post=177"}],"curies":[{"name":"wp","href":"https:\/\/api.w.org\/{rel}","templated":true}]}}