{"id":181,"date":"2026-02-23T15:33:09","date_gmt":"2026-02-23T15:33:09","guid":{"rendered":"https:\/\/www.belgi\u00ebvooroekra\u00efne.be\/?p=181"},"modified":"2026-02-23T15:51:18","modified_gmt":"2026-02-23T15:51:18","slug":"debatavond-rusland-een-dreiging-voor-europa","status":"publish","type":"post","link":"https:\/\/www.belgi\u00ebvooroekra\u00efne.be\/?p=181","title":{"rendered":"Debatavond \u2013 Rusland, een dreiging voor Europa?"},"content":{"rendered":"\n<p><\/p>\n\n\n\n<p><strong>Maandag 27 april 2026 om 20.00 uur<\/strong><br><em>(Deuren openen om 19.00 uur)<\/em><br><strong>Locatie:<\/strong> Zaal Sneppenbos, Vremdesesteenweg 224, 2530 Boechout<\/p>\n\n\n\n<p>Georganiseerd door <strong>Belgi\u00eb voor Oekra\u00efne Boechout-Nosissa Edegem vzw<\/strong><\/p>\n\n\n\n<hr class=\"wp-block-separator has-alpha-channel-opacity\"\/>\n\n\n\n<h3 class=\"wp-block-heading\">Thema:<\/h3>\n\n\n\n<p>De oorlog in Oekra\u00efne heeft de relatie tussen Europa en Rusland ingrijpend veranderd.<br>Hoe kunnen we deze complexe dynamiek beter begrijpen? Wat zijn de geopolitieke, economische en menselijke gevolgen voor Europa?<\/p>\n\n\n\n<p>Tijdens deze debatavond gaan we in gesprek met drie ervaren kenners van de regio.<\/p>\n\n\n\n<hr class=\"wp-block-separator has-alpha-channel-opacity\"\/>\n\n\n\n<h3 class=\"wp-block-heading\">Met:<\/h3>\n\n\n\n<p><strong>Bruno Beeckman<\/strong><\/p>\n\n\n\n<figure class=\"wp-block-image size-large\"><img loading=\"lazy\" decoding=\"async\" width=\"1024\" height=\"683\" src=\"https:\/\/www.belgi\u00ebvooroekra\u00efne.be\/wp-content\/uploads\/2026\/02\/Bruno-Beeckman-1024x683.jpg\" alt=\"\" class=\"wp-image-184\" srcset=\"https:\/\/www.belgi\u00ebvooroekra\u00efne.be\/wp-content\/uploads\/2026\/02\/Bruno-Beeckman-1024x683.jpg 1024w, https:\/\/www.belgi\u00ebvooroekra\u00efne.be\/wp-content\/uploads\/2026\/02\/Bruno-Beeckman-300x200.jpg 300w, https:\/\/www.belgi\u00ebvooroekra\u00efne.be\/wp-content\/uploads\/2026\/02\/Bruno-Beeckman-768x512.jpg 768w, https:\/\/www.belgi\u00ebvooroekra\u00efne.be\/wp-content\/uploads\/2026\/02\/Bruno-Beeckman-1536x1024.jpg 1536w, https:\/\/www.belgi\u00ebvooroekra\u00efne.be\/wp-content\/uploads\/2026\/02\/Bruno-Beeckman-2048x1365.jpg 2048w\" sizes=\"auto, (max-width: 1024px) 100vw, 1024px\" \/><\/figure>\n\n\n\n<p>Oorlogscorrespondent en auteur van <em>Ook onze oorlog: Dagboek uit Oekra\u00efne<\/em> (2024), een indringend verslag van zijn ervaringen in Oekra\u00efne sinds de Russische invasie.<br>Beeckman woonde van 1991 tot 2001 in Rusland, werkte als Engels-Russisch vertaler-tolk en is producer bij de European Broadcasting Union. Hij spreekt vloeiend Russisch en bracht inmiddels meer dan 350 dagen door in Oekra\u00efne.<\/p>\n\n\n\n<p><strong>Jan Balliauw<\/strong><\/p>\n\n\n\n<figure class=\"wp-block-image size-large\"><img loading=\"lazy\" decoding=\"async\" width=\"1024\" height=\"1024\" src=\"https:\/\/www.belgi\u00ebvooroekra\u00efne.be\/wp-content\/uploads\/2026\/02\/Jan-Balliauw-1024x1024.webp\" alt=\"\" class=\"wp-image-185\" srcset=\"https:\/\/www.belgi\u00ebvooroekra\u00efne.be\/wp-content\/uploads\/2026\/02\/Jan-Balliauw-1024x1024.webp 1024w, https:\/\/www.belgi\u00ebvooroekra\u00efne.be\/wp-content\/uploads\/2026\/02\/Jan-Balliauw-300x300.webp 300w, https:\/\/www.belgi\u00ebvooroekra\u00efne.be\/wp-content\/uploads\/2026\/02\/Jan-Balliauw-150x150.webp 150w, https:\/\/www.belgi\u00ebvooroekra\u00efne.be\/wp-content\/uploads\/2026\/02\/Jan-Balliauw-768x768.webp 768w, https:\/\/www.belgi\u00ebvooroekra\u00efne.be\/wp-content\/uploads\/2026\/02\/Jan-Balliauw.webp 1200w\" sizes=\"auto, (max-width: 1024px) 100vw, 1024px\" \/><\/figure>\n\n\n\n<p>Ruslandexpert en auteur van <em>De droom van Poetin<\/em> (2025), waarin hij de ambities van Poetin en de impact van het conflict tussen Rusland en Oekra\u00efne analyseert.<br>Balliauw was van 1991 tot 2024 journalist bij VRT NWS, gespecialiseerd in de ex-Sovjetunie, en woonde jarenlang in Moskou. Sinds 2025 is hij Senior Associate Fellow aan het Egmont Instituut.<\/p>\n\n\n\n<p><strong>Stefaan Blommaert<\/strong> (moderator)<\/p>\n\n\n\n<figure class=\"wp-block-image size-large\"><img loading=\"lazy\" decoding=\"async\" width=\"1024\" height=\"683\" src=\"https:\/\/www.belgi\u00ebvooroekra\u00efne.be\/wp-content\/uploads\/2026\/02\/stefan-blommaert-1024x683.webp\" alt=\"\" class=\"wp-image-189\" srcset=\"https:\/\/www.belgi\u00ebvooroekra\u00efne.be\/wp-content\/uploads\/2026\/02\/stefan-blommaert-1024x683.webp 1024w, https:\/\/www.belgi\u00ebvooroekra\u00efne.be\/wp-content\/uploads\/2026\/02\/stefan-blommaert-300x200.webp 300w, https:\/\/www.belgi\u00ebvooroekra\u00efne.be\/wp-content\/uploads\/2026\/02\/stefan-blommaert-768x512.webp 768w, https:\/\/www.belgi\u00ebvooroekra\u00efne.be\/wp-content\/uploads\/2026\/02\/stefan-blommaert-1536x1024.webp 1536w, https:\/\/www.belgi\u00ebvooroekra\u00efne.be\/wp-content\/uploads\/2026\/02\/stefan-blommaert-2048x1365.webp 2048w\" sizes=\"auto, (max-width: 1024px) 100vw, 1024px\" \/><\/figure>\n\n\n\n<p>Ervaren journalist en voormalig buitenlandcorrespondent, gespecialiseerd in Oost-Europa, Rusland en Azi\u00eb. Hij was correspondent in Rusland en China, schreef verschillende boeken over deze regio\u2019s en is actief als spreker over internationale politiek en de relatie tussen Rusland, Oekra\u00efne en het Westen.<\/p>\n\n\n\n<hr class=\"wp-block-separator has-alpha-channel-opacity\"\/>\n\n\n\n<h3 class=\"wp-block-heading\">Praktisch:<\/h3>\n\n\n\n<ul class=\"wp-block-list\">\n<li><strong>Toegangsticket:<\/strong> \u20ac20<\/li>\n\n\n\n<li><strong>Steunticket:<\/strong> \u20ac12<\/li>\n\n\n\n<li>Vooraf inschrijven is aanbevolen.<\/li>\n<\/ul>\n\n\n\n<p> <a href=\"https:\/\/www.nowonlinetickets.nl\/Shop\/EventDetails\/E51EB947C6F1638A4C5E0AE73A89BE39\" data-type=\"link\" data-id=\"https:\/\/www.nowonlinetickets.nl\/Shop\/EventDetails\/E51EB947C6F1638A4C5E0AE73A89BE39\">TICKETS<\/a><\/p>\n\n\n\n<figure class=\"wp-block-image size-full\"><img loading=\"lazy\" decoding=\"async\" width=\"162\" height=\"166\" src=\"https:\/\/www.belgi\u00ebvooroekra\u00efne.be\/wp-content\/uploads\/2026\/02\/QR-code-debat.png\" alt=\"\" class=\"wp-image-187\"\/><\/figure>\n\n\n\n<hr class=\"wp-block-separator has-alpha-channel-opacity\"\/>\n\n\n\n<h3 class=\"wp-block-heading\">Vragen &amp; Informatie<\/h3>\n\n\n\n<p>Vragen voor de sprekers kunnen vooraf gemaild worden naar:<br>\ud83d\udce9 <a>etiennewauters7@gmail.com<\/a><\/p>\n\n\n\n<p>Voor verdere inlichtingen:<br>\ud83d\udce9 <a>belgievooroekraine@gmail.com<\/a><br>\ud83d\udce9 <a>etiennewauters7@gmail.com<\/a><\/p>\n\n\n\n<hr class=\"wp-block-separator has-alpha-channel-opacity\"\/>\n\n\n\n<p>We verwelkomen u graag op deze boeiende en actuele debatavond.<\/p>\n","protected":false},"excerpt":{"rendered":"<p>Maandag 27 april 2026 om 20.00 uur(Deuren openen om 19.00 uur)Locatie: Zaal Sneppenbos, Vremdesesteenweg 224, 2530 Boechout Georganiseerd door Belgi\u00eb voor Oekra\u00efne Boechout-Nosissa Edegem vzw Thema: De oorlog in Oekra\u00efne heeft de relatie tussen Europa en Rusland ingrijpend veranderd.Hoe kunnen we deze complexe dynamiek beter begrijpen? Wat zijn de geopolitieke, economische en menselijke gevolgen voor &hellip;<\/p>\n<p class=\"read-more\"> <a class=\"\" href=\"https:\/\/www.belgi\u00ebvooroekra\u00efne.be\/?p=181\"> <span class=\"screen-reader-text\">Debatavond \u2013 Rusland, een dreiging voor Europa?<\/span> Read More &raquo;<\/a><\/p>\n","protected":false},"author":1,"featured_media":191,"comment_status":"open","ping_status":"open","sticky":false,"template":"","format":"standard","meta":{"site-sidebar-layout":"default","site-content-layout":"default","ast-main-header-display":"","ast-hfb-above-header-display":"","ast-hfb-below-header-display":"","ast-hfb-mobile-header-display":"","site-post-title":"","ast-breadcrumbs-content":"","ast-featured-img":"","footer-sml-layout":"","theme-transparent-header-meta":"","adv-header-id-meta":"","stick-header-meta":"","header-above-stick-meta":"","header-main-stick-meta":"","header-below-stick-meta":"","footnotes":""},"categories":[1],"tags":[],"class_list":["post-181","post","type-post","status-publish","format-standard","has-post-thumbnail","hentry","category-uncategorized"],"_links":{"self":[{"href":"https:\/\/www.belgi\u00ebvooroekra\u00efne.be\/index.php?rest_route=\/wp\/v2\/posts\/181","targetHints":{"allow":["GET"]}}],"collection":[{"href":"https:\/\/www.belgi\u00ebvooroekra\u00efne.be\/index.php?rest_route=\/wp\/v2\/posts"}],"about":[{"href":"https:\/\/www.belgi\u00ebvooroekra\u00efne.be\/index.php?rest_route=\/wp\/v2\/types\/post"}],"author":[{"embeddable":true,"href":"https:\/\/www.belgi\u00ebvooroekra\u00efne.be\/index.php?rest_route=\/wp\/v2\/users\/1"}],"replies":[{"embeddable":true,"href":"https:\/\/www.belgi\u00ebvooroekra\u00efne.be\/index.php?rest_route=%2Fwp%2Fv2%2Fcomments&post=181"}],"version-history":[{"count":5,"href":"https:\/\/www.belgi\u00ebvooroekra\u00efne.be\/index.php?rest_route=\/wp\/v2\/posts\/181\/revisions"}],"predecessor-version":[{"id":190,"href":"https:\/\/www.belgi\u00ebvooroekra\u00efne.be\/index.php?rest_route=\/wp\/v2\/posts\/181\/revisions\/190"}],"wp:featuredmedia":[{"embeddable":true,"href":"https:\/\/www.belgi\u00ebvooroekra\u00efne.be\/index.php?rest_route=\/wp\/v2\/media\/191"}],"wp:attachment":[{"href":"https:\/\/www.belgi\u00ebvooroekra\u00efne.be\/index.php?rest_route=%2Fwp%2Fv2%2Fmedia&parent=181"}],"wp:term":[{"taxonomy":"category","embeddable":true,"href":"https:\/\/www.belgi\u00ebvooroekra\u00efne.be\/index.php?rest_route=%2Fwp%2Fv2%2Fcategories&post=181"},{"taxonomy":"post_tag","embeddable":true,"href":"https:\/\/www.belgi\u00ebvooroekra\u00efne.be\/index.php?rest_route=%2Fwp%2Fv2%2Ftags&post=181"}],"curies":[{"name":"wp","href":"https:\/\/api.w.org\/{rel}","templated":true}]}}